{"id":3445,"global_id":"freiheitskalender.ch\/it?id=3445","global_id_lineage":["freiheitskalender.ch\/it?id=3445"],"author":"12","status":"publish","date":"2026-02-13 11:28:37","date_utc":"2026-02-13 10:28:37","modified":"2026-03-02 07:26:26","modified_utc":"2026-03-02 06:26:26","url":"https:\/\/freiheitskalender.ch\/it\/event\/die-neue-grundrechtsinitiative-3\/","rest_url":"https:\/\/freiheitskalender.ch\/it\/wp-json\/tribe\/events\/v1\/events\/3445","title":"Die neue Grundrechtsinitiative Am Gleis Wattwil","description":"<p>Unsere verfassungsm\u00e4ssigen Grundrechte stehen unter Druck. Erfahren Sie aus erster Hand, warum diese Initiative jetzt n\u00f6tig ist-und wie Sie mithelfen k\u00f6nnen.<\/p>\n<p>Es sprechen Simon Kramer, Andrea Seaman und Thomas B\u00f6rlin<\/p>","excerpt":"","slug":"die-neue-grundrechtsinitiative-3","image":{"url":"https:\/\/freiheitskalender.ch\/wp-content\/uploads\/2026\/02\/Screenshot-2026-02-13-112720.png","id":3448,"extension":"png","width":1253,"height":1036,"filesize":569841,"sizes":{"medium":{"width":300,"height":248,"mime-type":"image\/png","filesize":76315,"url":"https:\/\/freiheitskalender.ch\/wp-content\/uploads\/2026\/02\/Screenshot-2026-02-13-112720-300x248.png"},"large":{"width":1024,"height":847,"mime-type":"image\/png","filesize":651041,"url":"https:\/\/freiheitskalender.ch\/wp-content\/uploads\/2026\/02\/Screenshot-2026-02-13-112720-1024x847.png"},"thumbnail":{"width":150,"height":150,"mime-type":"image\/png","filesize":27735,"url":"https:\/\/freiheitskalender.ch\/wp-content\/uploads\/2026\/02\/Screenshot-2026-02-13-112720-150x150.png"},"medium_large":{"width":768,"height":635,"mime-type":"image\/png","filesize":409495,"url":"https:\/\/freiheitskalender.ch\/wp-content\/uploads\/2026\/02\/Screenshot-2026-02-13-112720-768x635.png"},"trp-custom-language-flag":{"width":15,"height":12,"mime-type":"image\/png","filesize":478,"url":"https:\/\/freiheitskalender.ch\/wp-content\/uploads\/2026\/02\/Screenshot-2026-02-13-112720-15x12.png"},"woocommerce_archive_thumbnail":{"width":500,"height":500,"mime-type":"image\/png","filesize":233377,"url":"https:\/\/freiheitskalender.ch\/wp-content\/uploads\/2026\/02\/Screenshot-2026-02-13-112720-500x500.png"},"woocommerce_thumbnail":{"width":300,"height":300,"mime-type":"image\/png","filesize":93564,"uncropped":false,"url":"https:\/\/freiheitskalender.ch\/wp-content\/uploads\/2026\/02\/Screenshot-2026-02-13-112720-300x300.png"},"woocommerce_gallery_thumbnail":{"width":100,"height":100,"mime-type":"image\/png","filesize":13987,"url":"https:\/\/freiheitskalender.ch\/wp-content\/uploads\/2026\/02\/Screenshot-2026-02-13-112720-100x100.png"}}},"all_day":false,"start_date":"2026-03-14 13:00:00","start_date_details":{"year":"2026","month":"03","day":"14","hour":"13","minutes":"00","seconds":"00"},"end_date":"2026-03-14 17:00:00","end_date_details":{"year":"2026","month":"03","day":"14","hour":"17","minutes":"00","seconds":"00"},"utc_start_date":"2026-03-14 12:00:00","utc_start_date_details":{"year":"2026","month":"03","day":"14","hour":"12","minutes":"00","seconds":"00"},"utc_end_date":"2026-03-14 16:00:00","utc_end_date_details":{"year":"2026","month":"03","day":"14","hour":"16","minutes":"00","seconds":"00"},"timezone":"Europe\/Zurich","timezone_abbr":"CET","cost":"","cost_details":{"currency_symbol":"","currency_code":"","currency_position":"","values":[]},"website":"https:\/\/grundrechtsinitiative.ch\/schweiz-tournee\/","show_map":true,"show_map_link":true,"hide_from_listings":false,"sticky":false,"featured":false,"categories":[],"tags":[],"venue":{"id":195,"author":"3","status":"publish","date":"2022-08-17 09:37:15","date_utc":"2022-08-17 07:37:15","modified":"2022-08-17 14:56:34","modified_utc":"2022-08-17 12:56:34","url":"https:\/\/freiheitskalender.ch\/it\/luogo\/10_st-gallen-sg\/","venue":"10_St. Gallen (SG)","description":"<p><img decoding=\"async\" class=\"alignnone size-full wp-image-263\" src=\"https:\/\/www.freiheitskalender.ch\/wp-content\/uploads\/2022\/08\/st-gallen.jpg\" alt=\"\" width=\"114\" height=\"114\" \/><\/p>","slug":"10_st-gallen-sg","json_ld":{"@type":"Place","name":"10_St. Gallen (SG)","description":"","url":"https:\/\/freiheitskalender.ch\/it\/luogo\/10_st-gallen-sg\/","address":{"@type":"PostalAddress"},"telephone":"","sameAs":""},"show_map":true,"show_map_link":true,"global_id":"freiheitskalender.ch\/it?id=195","global_id_lineage":["freiheitskalender.ch\/it?id=195"]},"organizer":[{"id":816,"author":"5","status":"publish","date":"2025-03-05 11:42:19","date_utc":"2025-03-05 10:42:19","modified":"2025-03-05 11:42:19","modified_utc":"2025-03-05 10:42:19","url":"https:\/\/freiheitskalender.ch\/it\/organizzatore\/verfassungsbuendnis-schweiz\/","organizer":"Verfassungsb\u00fcndnis Schweiz","slug":"verfassungsbuendnis-schweiz","website":"https:\/\/verfassungsbuendnis.ch","json_ld":{"@type":"Person","name":"Verfassungsb\u00fcndnis Schweiz","description":"","url":"https:\/\/verfassungsbuendnis.ch","telephone":"","email":"","sameAs":"https:\/\/verfassungsbuendnis.ch"},"global_id":"freiheitskalender.ch\/it?id=816","global_id_lineage":["freiheitskalender.ch\/it?id=816"]}],"custom_fields":[],"json_ld":{"@context":"http:\/\/schema.org","@type":"Event","name":"Die neue Grundrechtsinitiative Am Gleis Wattwil","description":"&lt;p&gt;Unsere verfassungsm\u00e4ssigen Grundrechte stehen unter Druck. Erfahren Sie aus erster Hand, warum diese Initiative jetzt n\u00f6tig ist-und wie Sie mithelfen k\u00f6nnen. Es sprechen Simon Kramer, Andrea Seaman und Thomas B\u00f6rlin&lt;\/p&gt;\\n","image":"https:\/\/freiheitskalender.ch\/wp-content\/uploads\/2026\/02\/Screenshot-2026-02-13-112720.png","url":"https:\/\/freiheitskalender.ch\/it\/event\/die-neue-grundrechtsinitiative-3\/","eventAttendanceMode":"https:\/\/schema.org\/OfflineEventAttendanceMode","eventStatus":"https:\/\/schema.org\/EventScheduled","startDate":"2026-03-14T13:00:00+01:00","endDate":"2026-03-14T17:00:00+01:00","location":{"@type":"Place","name":"10_St. Gallen (SG)","description":"","url":"https:\/\/freiheitskalender.ch\/it\/luogo\/10_st-gallen-sg\/","address":{"@type":"PostalAddress"},"telephone":"","sameAs":""},"organizer":{"@type":"Person","name":"Verfassungsb\u00fcndnis Schweiz","description":"","url":"https:\/\/verfassungsbuendnis.ch","telephone":"","email":"","sameAs":"https:\/\/verfassungsbuendnis.ch"},"performer":"Organization"},"ticketed":false,"is_virtual":false,"virtual_url":null,"virtual_video_source":""}