{"id":2637,"global_id":"freiheitskalender.ch\/it?id=2637","global_id_lineage":["freiheitskalender.ch\/it?id=2637"],"author":"4","status":"publish","date":"2025-11-20 11:05:59","date_utc":"2025-11-20 10:05:59","modified":"2025-11-20 11:17:17","modified_utc":"2025-11-20 10:17:17","url":"https:\/\/freiheitskalender.ch\/it\/event\/fdv-on-tour-naechster-halt-kanton-aargau\/","rest_url":"https:\/\/freiheitskalender.ch\/it\/wp-json\/tribe\/events\/v1\/events\/2637","title":"FdV on Tour \u2013 N\u00e4chster Halt: Kanton Aargau","description":"<p data-start=\"257\" data-end=\"697\">Die Freunde der Verfassung laden herzlich ein zu ihrem Forum in Aarau. <strong data-start=\"327\" data-end=\"352\">Alle sind willkommen!<\/strong>\u00a0Dieses Treffen steht ganz im Zeichen der\u00a0<strong data-start=\"394\" data-end=\"409\">Dankbarkeit<\/strong>\u00a0f\u00fcr alle Mitglieder und Unterst\u00fctzerinnen und Unterst\u00fctzer. Es ist die Gelegenheit, mit Dr. Roland B\u00fchlmann, Pr\u00e4sident, sowie Vorstandsmitgliedern und Regioleitern\u00a0<strong data-start=\"574\" data-end=\"682\">ins Gespr\u00e4ch zu kommen, auf das vergangene Jahr zur\u00fcckzublicken und einen Ausblick auf kommende Projekte<\/strong>\u00a0zu erhalten.<\/p>\n<p data-start=\"699\" data-end=\"717\"><strong data-start=\"699\" data-end=\"715\">Datum &amp; Ort:<\/strong><\/p>\n<ul>\n<li data-start=\"720\" data-end=\"749\">Dienstag, 13. Januar 2026<\/li>\n<li data-start=\"752\" data-end=\"812\">Gasthof zum Sch\u00fctzen, Schachenalle 39, 5000 Aarau<\/li>\n<\/ul>\n<p data-start=\"814\" data-end=\"827\"><strong data-start=\"814\" data-end=\"825\">Agenda:<\/strong><\/p>\n<ul>\n<li data-start=\"830\" data-end=\"850\">18:30 \u2013 T\u00fcr\u00f6ffnung<\/li>\n<li data-start=\"853\" data-end=\"885\">19:00 \u2013 Vergangenes &amp; Ausblick<\/li>\n<li data-start=\"888\" data-end=\"904\">20:00 \u2013 Fragen<\/li>\n<li data-start=\"907\" data-end=\"939\">Anschliessend gem\u00fctlicher Ap\u00e9ro<\/li>\n<\/ul>\n<p>\ud83d\udc49\u00a0<strong data-start=\"952\" data-end=\"980\">Bitte unten anmelden.<\/strong><\/p>","excerpt":"","slug":"fdv-on-tour-naechster-halt-kanton-aargau","image":{"url":"https:\/\/freiheitskalender.ch\/wp-content\/uploads\/2025\/11\/FdV_on_Tour_Bild_Aargau.png","id":2639,"extension":"png","width":1000,"height":519,"filesize":784157,"sizes":{"medium":{"width":300,"height":156,"mime-type":"image\/png","filesize":86540,"url":"https:\/\/freiheitskalender.ch\/wp-content\/uploads\/2025\/11\/FdV_on_Tour_Bild_Aargau-300x156.png"},"thumbnail":{"width":150,"height":150,"mime-type":"image\/png","filesize":43492,"url":"https:\/\/freiheitskalender.ch\/wp-content\/uploads\/2025\/11\/FdV_on_Tour_Bild_Aargau-150x150.png"},"medium_large":{"width":768,"height":399,"mime-type":"image\/png","filesize":486856,"url":"https:\/\/freiheitskalender.ch\/wp-content\/uploads\/2025\/11\/FdV_on_Tour_Bild_Aargau-768x399.png"},"trp-custom-language-flag":{"width":18,"height":9,"mime-type":"image\/png","filesize":603,"url":"https:\/\/freiheitskalender.ch\/wp-content\/uploads\/2025\/11\/FdV_on_Tour_Bild_Aargau-18x9.png"}}},"all_day":false,"start_date":"2026-01-13 18:30:00","start_date_details":{"year":"2026","month":"01","day":"13","hour":"18","minutes":"30","seconds":"00"},"end_date":"2026-01-13 22:00:00","end_date_details":{"year":"2026","month":"01","day":"13","hour":"22","minutes":"00","seconds":"00"},"utc_start_date":"2026-01-13 17:30:00","utc_start_date_details":{"year":"2026","month":"01","day":"13","hour":"17","minutes":"30","seconds":"00"},"utc_end_date":"2026-01-13 21:00:00","utc_end_date_details":{"year":"2026","month":"01","day":"13","hour":"21","minutes":"00","seconds":"00"},"timezone":"Europe\/Zurich","timezone_abbr":"CET","cost":"Gratuito","cost_details":{"currency_symbol":"","currency_code":"","currency_position":"","values":["0"]},"website":"https:\/\/verfassungsfreunde.ch","show_map":true,"show_map_link":true,"hide_from_listings":false,"sticky":false,"featured":false,"categories":[{"name":"Begegnungen","slug":"begegnungen","term_group":0,"term_taxonomy_id":117,"taxonomy":"tribe_events_cat","description":"","parent":0,"count":17,"filter":"raw","id":117,"urls":{"self":"https:\/\/freiheitskalender.ch\/it\/wp-json\/tribe\/events\/v1\/categories\/117","collection":"https:\/\/freiheitskalender.ch\/it\/wp-json\/tribe\/events\/v1\/categories"}},{"name":"gem\u00fctliches Zusammensein","slug":"gemuetliches-zusammensein","term_group":0,"term_taxonomy_id":99,"taxonomy":"tribe_events_cat","description":"","parent":0,"count":28,"filter":"raw","id":99,"urls":{"self":"https:\/\/freiheitskalender.ch\/it\/wp-json\/tribe\/events\/v1\/categories\/99","collection":"https:\/\/freiheitskalender.ch\/it\/wp-json\/tribe\/events\/v1\/categories"}},{"name":"Gespr\u00e4che","slug":"gespraeche","term_group":0,"term_taxonomy_id":115,"taxonomy":"tribe_events_cat","description":"","parent":0,"count":18,"filter":"raw","id":115,"urls":{"self":"https:\/\/freiheitskalender.ch\/it\/wp-json\/tribe\/events\/v1\/categories\/115","collection":"https:\/\/freiheitskalender.ch\/it\/wp-json\/tribe\/events\/v1\/categories"}},{"name":"Veranstaltung","slug":"veranstaltung","term_group":0,"term_taxonomy_id":106,"taxonomy":"tribe_events_cat","description":"","parent":0,"count":36,"filter":"raw","id":106,"urls":{"self":"https:\/\/freiheitskalender.ch\/it\/wp-json\/tribe\/events\/v1\/categories\/106","collection":"https:\/\/freiheitskalender.ch\/it\/wp-json\/tribe\/events\/v1\/categories"}}],"tags":[],"venue":{"id":2640,"author":"4","status":"publish","date":"2025-11-20 11:06:00","date_utc":"2025-11-20 10:06:00","modified":"2025-11-20 11:06:00","modified_utc":"2025-11-20 10:06:00","url":"https:\/\/freiheitskalender.ch\/it\/luogo\/gasthof-zum-schuetzen\/","venue":"Gasthof zum Sch\u00fctzen","slug":"gasthof-zum-schuetzen","address":"Schachenallee 39","city":"Aarau","country":"Switzerland","province":"Aargau","zip":"5000","website":"https:\/\/gasthofschuetzen.ch\/","stateprovince":"Aargau","json_ld":{"@type":"Place","name":"Gasthof zum Sch\u00fctzen","description":"","url":"https:\/\/freiheitskalender.ch\/it\/luogo\/gasthof-zum-schuetzen\/","address":{"@type":"PostalAddress","streetAddress":"Schachenallee 39","addressLocality":"Aarau","addressRegion":"Aargau","postalCode":"5000","addressCountry":"Switzerland"},"telephone":"","sameAs":"https:\/\/gasthofschuetzen.ch\/"},"show_map":true,"show_map_link":true,"global_id":"freiheitskalender.ch\/it?id=2640","global_id_lineage":["freiheitskalender.ch\/it?id=2640"]},"organizer":[{"id":12,"author":"1","status":"publish","date":"2022-06-02 11:05:05","date_utc":"2022-06-02 09:05:05","modified":"2025-03-12 13:22:53","modified_utc":"2025-03-12 12:22:53","url":"https:\/\/freiheitskalender.ch\/it\/organizzatore\/fdv\/","organizer":"Freunde der Verfassung","slug":"fdv","website":"https:\/\/verfassungsfreunde.ch\/de\/","email":"sekretariat@verfassungsfreunde.ch","json_ld":{"@type":"Person","name":"Freunde der Verfassung","description":"","url":"https:\/\/verfassungsfreunde.ch\/de\/","telephone":"","email":"&#115;e&#107;r&#101;&#116;&#97;&#114;i&#97;&#116;&#64;v&#101;rf&#97;s&#115;&#117;n&#103;&#115;&#102;&#114;&#101;und&#101;.&#99;&#104;","sameAs":"https:\/\/verfassungsfreunde.ch\/de\/"},"global_id":"freiheitskalender.ch\/it?id=12","global_id_lineage":["freiheitskalender.ch\/it?id=12"]}],"custom_fields":[],"json_ld":{"@context":"http:\/\/schema.org","@type":"Event","name":"FdV on Tour \u2013 N\u00e4chster Halt: Kanton Aargau","description":"&lt;p&gt;Die Freunde der Verfassung laden herzlich ein zu ihrem Forum in Aarau. Alle sind willkommen!\u00a0Dieses Treffen steht ganz im Zeichen der\u00a0Dankbarkeit\u00a0f\u00fcr alle Mitglieder und Unterst\u00fctzerinnen und Unterst\u00fctzer. Es ist die [&hellip;]&lt;\/p&gt;\\n","image":"https:\/\/freiheitskalender.ch\/wp-content\/uploads\/2025\/11\/FdV_on_Tour_Bild_Aargau.png","url":"https:\/\/freiheitskalender.ch\/it\/event\/fdv-on-tour-naechster-halt-kanton-aargau\/","offers":[{"@type":"Offer","url":"https:\/\/freiheitskalender.ch\/it\/event\/fdv-on-tour-naechster-halt-kanton-aargau\/","price":"0","category":"primary","availability":"InStock","priceCurrency":"USD","validFrom":"2025-11-20T00:00:00+00:00","validThrough":"2026-01-12T00:00:00+00:00"}],"eventAttendanceMode":"https:\/\/schema.org\/OfflineEventAttendanceMode","eventStatus":"https:\/\/schema.org\/EventScheduled","startDate":"2026-01-13T18:30:00+01:00","endDate":"2026-01-13T22:00:00+01:00","location":{"@type":"Place","name":"Gasthof zum Sch\u00fctzen","description":"","url":"https:\/\/freiheitskalender.ch\/it\/luogo\/gasthof-zum-schuetzen\/","address":{"@type":"PostalAddress","streetAddress":"Schachenallee 39","addressLocality":"Aarau","addressRegion":"Aargau","postalCode":"5000","addressCountry":"Switzerland"},"telephone":"","sameAs":"https:\/\/gasthofschuetzen.ch\/"},"organizer":{"@type":"Person","name":"Freunde der Verfassung","description":"","url":"https:\/\/verfassungsfreunde.ch\/de\/","telephone":"","email":"&#115;ekr&#101;t&#97;&#114;i&#97;&#116;&#64;&#118;&#101;r&#102;&#97;s&#115;&#117;ng&#115;f&#114;&#101;&#117;&#110;&#100;&#101;.&#99;h","sameAs":"https:\/\/verfassungsfreunde.ch\/de\/"},"performer":"Organization"},"ticketed":["rsvp"],"is_virtual":false,"virtual_url":null,"virtual_video_source":""}